{"id":4814,"date":"2025-01-02T14:39:12","date_gmt":"2025-01-02T14:39:12","guid":{"rendered":"https:\/\/lavozdelnapo.com\/?p=4814"},"modified":"2025-01-02T14:50:40","modified_gmt":"2025-01-02T14:50:40","slug":"conoce-mas-sobre-el-nuevo-vicario-apostolico-de-napo","status":"publish","type":"post","link":"https:\/\/lavozdelnapo.com\/index.php\/2025\/01\/02\/conoce-mas-sobre-el-nuevo-vicario-apostolico-de-napo\/","title":{"rendered":"CONOCE M\u00c1S SOBRE EL NUEVO VICARIO APOST\u00d3LICO DE NAPO"},"content":{"rendered":"<p>&nbsp;<\/p>\n<p><b>Mons. Celmo Lazzari<\/b> naci\u00f3 el 16 de junio 1956 en Garibaldi, Estado de R\u00edo Grandedo Sul Di\u00f3cesis de Caxias (Brasil)<img loading=\"lazy\" decoding=\"async\" class=\" wp-image-4819 alignleft\" src=\"http:\/\/lavozdelnapo.com\/wp-content\/uploads\/2025\/01\/WhatsApp-Image-2024-12-10-at-08.09.25-200x300.jpeg\" alt=\"\" width=\"181\" height=\"272\" srcset=\"https:\/\/lavozdelnapo.com\/wp-content\/uploads\/2025\/01\/WhatsApp-Image-2024-12-10-at-08.09.25-200x300.jpeg 200w, https:\/\/lavozdelnapo.com\/wp-content\/uploads\/2025\/01\/WhatsApp-Image-2024-12-10-at-08.09.25-682x1024.jpeg 682w, https:\/\/lavozdelnapo.com\/wp-content\/uploads\/2025\/01\/WhatsApp-Image-2024-12-10-at-08.09.25-768x1154.jpeg 768w, https:\/\/lavozdelnapo.com\/wp-content\/uploads\/2025\/01\/WhatsApp-Image-2024-12-10-at-08.09.25.jpeg 852w\" sizes=\"auto, (max-width: 181px) 100vw, 181px\" \/> \u00a0y hasta ahora desempe\u00f1a como Vicario Apostolico de San Miguel de Sucumb\u00edos,\u00a0es un eclesi\u00e1stico y misionero cat\u00f3lico brasile\u00f1o afincado en Ecuador, miembro de los\u00a0<a title=\"Josefinos de Murialdo\" href=\"https:\/\/es.wikipedia.org\/wiki\/Josefinos_de_Murialdo\">Josefinos de Murialdo<\/a>.<\/p>\n<div class=\"mw-heading mw-heading2\"><\/div>\n<p style=\"text-align: left;\">Realiz\u00f3 sus estudios eclesi\u00e1sticos en <a title=\"Londrina\" href=\"https:\/\/es.wikipedia.org\/wiki\/Londrina\">Londrina<\/a>. Tambi\u00e9n, ha realizado un curso para formadores en la\u00a0<a title=\"Universidad Pontificia Salesiana\" href=\"https:\/\/es.wikipedia.org\/wiki\/Universidad_Pontificia_Salesiana\">Universidad Pontificia Salesiana de Roma<\/a>, entre 1991 y 1992.<sup id=\"cite_ref-:0_2-0\" class=\"reference separada\"><\/sup>\u200b<\/p>\n<div class=\"mw-heading mw-heading3\"><\/div>\n<p>Su ordenaci\u00f3n sacerdotal fue el 18 de diciembre de 1982, en su natal Garibaldi.<\/p>\n<p>Como sacerdote desempe\u00f1\u00f3 los siguientes ministerios:<\/p>\n<ul>\n<li>Director de la comunidad religiosa de Ana Rech (1982-1987).<sup id=\"cite_ref-:0_2-1\" class=\"reference separada\"><a href=\"https:\/\/es.wikipedia.org\/wiki\/Celmo_Lazzari#cite_note-:0-2\">2<\/a><\/sup>\u200b<\/li>\n<li>Rector (1982-1987) y maestro de los Fil\u00f3sofos (1988-1989) del Seminario Menor de los Josefinos en\u00a0<a title=\"Caxias do Sul\" href=\"https:\/\/es.wikipedia.org\/wiki\/Caxias_do_Sul\">Caxias do Sul<\/a>.<\/li>\n<li>Maestro de los Te\u00f3logos Josefinos en\u00a0<a title=\"Porto Alegre\" href=\"https:\/\/es.wikipedia.org\/wiki\/Porto_Alegre\">Porto Alegre<\/a>\u00a0(1990-1994).<sup id=\"cite_ref-3\" class=\"reference separada\"><a href=\"https:\/\/es.wikipedia.org\/wiki\/Celmo_Lazzari#cite_note-3\">3<\/a><\/sup>\u200b<\/li>\n<li>Vicario provincial (1992-1994) y superior\u00a0<a title=\"Provincial\" href=\"https:\/\/es.wikipedia.org\/wiki\/Provincial\">Provincial<\/a>\u00a0(1994-2000) de los Josefinos en Brasil.<\/li>\n<li>Consejero general de la Congregaci\u00f3n y responsable de las Misiones en Roma (2000-2006).<\/li>\n<li><a title=\"Vicario general\" href=\"https:\/\/es.wikipedia.org\/wiki\/Vicario_general\">Vicario general<\/a>\u00a0de la Congregaci\u00f3n en Roma (2006-2010).<\/li>\n<\/ul>\n<p>El 11 de junio de 2010, el papa\u00a0<a title=\"Benedicto XVI\" href=\"https:\/\/es.wikipedia.org\/wiki\/Benedicto_XVI\">Benedicto XVI<\/a>\u00a0lo nombr\u00f3\u00a0<a title=\"Sede titular\" href=\"https:\/\/es.wikipedia.org\/wiki\/Sede_titular\">obispo titular<\/a>\u00a0de Muzuca en Proconsulari y\u00a0<a title=\"Vicariato apost\u00f3lico de Napo\" href=\"https:\/\/es.wikipedia.org\/wiki\/Vicariato_apost%C3%B3lico_de_Napo\">vicario apost\u00f3lico de Napo<\/a>.<sup id=\"cite_ref-4\" class=\"reference separada\"><a href=\"https:\/\/es.wikipedia.org\/wiki\/Celmo_Lazzari#cite_note-4\">4<\/a><\/sup>\u200b Fue consagrado el 9 de octubre del mismo a\u00f1o, en la Parroquia de S\u00e3o Pedro de Garibaldi, a manos del <strong>obispo\u00a0<a class=\"new\" title=\"Paolo Mietto (a\u00fan no redactado)\" href=\"https:\/\/es.wikipedia.org\/w\/index.php?title=Paolo_Mietto&amp;action=edit&amp;redlink=1\">Paolo Mietto<\/a>\u00a0CSJ.<\/strong><sup id=\"cite_ref-5\" class=\"reference separada\"><\/sup>\u200b<\/p>\n<p>El 21 de noviembre de 2013, el papa\u00a0<a title=\"Francisco (papa)\" href=\"https:\/\/es.wikipedia.org\/wiki\/Francisco_(papa)\">Francisco<\/a>\u00a0lo nombr\u00f3\u00a0<a title=\"Vicariato apost\u00f3lico de San Miguel de Sucumb\u00edos\" href=\"https:\/\/es.wikipedia.org\/wiki\/Vicariato_apost%C3%B3lico_de_San_Miguel_de_Sucumb%C3%ADos\">vicario apost\u00f3lico de San Miguel de Sucumb\u00edos<\/a>.<sup id=\"cite_ref-6\" class=\"reference separada\"><\/sup>\u200b Tom\u00f3 posesi\u00f3n can\u00f3nica el 1 de febrero de 2014, durante una ceremonia en la\u00a0<a class=\"new\" title=\"Catedral de Nuestra Se\u00f1ora del Cisne (Nueva Loja) (a\u00fan no redactado)\" href=\"https:\/\/es.wikipedia.org\/w\/index.php?title=Catedral_de_Nuestra_Se%C3%B1ora_del_Cisne_(Nueva_Loja)&amp;action=edit&amp;redlink=1\">Catedral de Lago Agrio<\/a>.\u200b<\/p>\n<p>El 23 de octubre de 2024, fue nombrado nuevamente vicario apost\u00f3lico de Napo y la toma de posesi\u00f3n en Napo ser\u00e1 el martes 07 de enero a las 10h00 de la ma\u00f1ana en San Jos\u00e9 de la Catedral.<\/p>\n<p><img loading=\"lazy\" decoding=\"async\" class=\"wp-image-4816 aligncenter\" src=\"http:\/\/lavozdelnapo.com\/wp-content\/uploads\/2025\/01\/471299932_1044008651073483_4757847483308445591_n-1-187x300.jpg\" alt=\"\" width=\"253\" height=\"406\" srcset=\"https:\/\/lavozdelnapo.com\/wp-content\/uploads\/2025\/01\/471299932_1044008651073483_4757847483308445591_n-1-187x300.jpg 187w, https:\/\/lavozdelnapo.com\/wp-content\/uploads\/2025\/01\/471299932_1044008651073483_4757847483308445591_n-1-639x1024.jpg 639w, https:\/\/lavozdelnapo.com\/wp-content\/uploads\/2025\/01\/471299932_1044008651073483_4757847483308445591_n-1-768x1231.jpg 768w, https:\/\/lavozdelnapo.com\/wp-content\/uploads\/2025\/01\/471299932_1044008651073483_4757847483308445591_n-1.jpg 806w\" sizes=\"auto, (max-width: 253px) 100vw, 253px\" \/><\/p>\n<p>Puedes ingresar a nuestra P\u00e1gina de Facebook y obtener m\u00e1s informaci\u00f3n: https:\/\/www.facebook.com\/photo\/?fbid=1044013927739622&amp;set=gm.2901848796648276&amp;idorvanity=2901847813315041<\/p>\n","protected":false},"excerpt":{"rendered":"<p>&nbsp; Mons. Celmo Lazzari naci\u00f3 el 16 de junio 1956 en Garibaldi, Estado de R\u00edo Grandedo Sul Di\u00f3cesis de Caxias (Brasil) \u00a0y hasta ahora desempe\u00f1a como Vicario Apostolico de San Miguel de Sucumb\u00edos,\u00a0es un eclesi\u00e1stico y misionero cat\u00f3lico brasile\u00f1o afincado en Ecuador, miembro de los\u00a0Josefinos de Murialdo. Realiz\u00f3 sus estudios eclesi\u00e1sticos en Londrina. Tambi\u00e9n, ha &hellip; <\/p>\n<p class=\"link-more\"><a href=\"https:\/\/lavozdelnapo.com\/index.php\/2025\/01\/02\/conoce-mas-sobre-el-nuevo-vicario-apostolico-de-napo\/\" class=\"more-link\">Continuar leyendo<span class=\"screen-reader-text\"> \u00abCONOCE M\u00c1S SOBRE EL NUEVO VICARIO APOST\u00d3LICO DE NAPO\u00bb<\/span><\/a><\/p>\n","protected":false},"author":1,"featured_media":0,"comment_status":"open","ping_status":"open","sticky":false,"template":"","format":"standard","meta":{"footnotes":""},"categories":[1],"tags":[],"class_list":["post-4814","post","type-post","status-publish","format-standard","hentry","category-sin-categoria"],"views":1630,"_links":{"self":[{"href":"https:\/\/lavozdelnapo.com\/index.php\/wp-json\/wp\/v2\/posts\/4814","targetHints":{"allow":["GET"]}}],"collection":[{"href":"https:\/\/lavozdelnapo.com\/index.php\/wp-json\/wp\/v2\/posts"}],"about":[{"href":"https:\/\/lavozdelnapo.com\/index.php\/wp-json\/wp\/v2\/types\/post"}],"author":[{"embeddable":true,"href":"https:\/\/lavozdelnapo.com\/index.php\/wp-json\/wp\/v2\/users\/1"}],"replies":[{"embeddable":true,"href":"https:\/\/lavozdelnapo.com\/index.php\/wp-json\/wp\/v2\/comments?post=4814"}],"version-history":[{"count":4,"href":"https:\/\/lavozdelnapo.com\/index.php\/wp-json\/wp\/v2\/posts\/4814\/revisions"}],"predecessor-version":[{"id":4822,"href":"https:\/\/lavozdelnapo.com\/index.php\/wp-json\/wp\/v2\/posts\/4814\/revisions\/4822"}],"wp:attachment":[{"href":"https:\/\/lavozdelnapo.com\/index.php\/wp-json\/wp\/v2\/media?parent=4814"}],"wp:term":[{"taxonomy":"category","embeddable":true,"href":"https:\/\/lavozdelnapo.com\/index.php\/wp-json\/wp\/v2\/categories?post=4814"},{"taxonomy":"post_tag","embeddable":true,"href":"https:\/\/lavozdelnapo.com\/index.php\/wp-json\/wp\/v2\/tags?post=4814"}],"curies":[{"name":"wp","href":"https:\/\/api.w.org\/{rel}","templated":true}]}}